{"id":4274,"date":"2026-08-04T15:19:36","date_gmt":"2026-08-04T15:19:36","guid":{"rendered":"https:\/\/affinity-education.com\/index.php\/2026\/08\/04\/petra-va-a-devolver-al-bebe-valle-salvaje-avance-capitulo-453\/"},"modified":"2026-08-04T15:19:36","modified_gmt":"2026-08-04T15:19:36","slug":"petra-va-a-devolver-al-bebe-valle-salvaje-avance-capitulo-453","status":"publish","type":"post","link":"https:\/\/affinity-education.com\/index.php\/2026\/08\/04\/petra-va-a-devolver-al-bebe-valle-salvaje-avance-capitulo-453\/","title":{"rendered":"\u00bfPetra va a devolver al beb\u00e9? | Valle Salvaje &#8211; avance cap\u00edtulo 453"},"content":{"rendered":"<p><iframe loading=\"lazy\"  width=\"580\" height=\"385\" src=\"https:\/\/www.youtube.com\/embed\/UCetonp4M1Q\" frameborder=\"0\" allowfullscreen><\/iframe><br \/>\n<br \/>Hoy analizamos el \u00faltimo cap\u00edtulo de Valle Salvaje, donde la trama del cambiazo del beb\u00e9 vuelve a acelerarse. Petra parece &#8230;<\/p>\n","protected":false},"excerpt":{"rendered":"<p>Hoy analizamos el \u00faltimo cap\u00edtulo de Valle Salvaje, donde la trama del cambiazo del beb\u00e9 vuelve a acelerarse. Petra parece &#8230;<\/p>\n","protected":false},"author":1,"featured_media":4275,"comment_status":"open","ping_status":"open","sticky":false,"template":"","format":"standard","meta":{"footnotes":""},"categories":[1],"tags":[],"class_list":["post-4274","post","type-post","status-publish","format-standard","has-post-thumbnail","hentry","category-uncategorized"],"_links":{"self":[{"href":"https:\/\/affinity-education.com\/index.php\/wp-json\/wp\/v2\/posts\/4274","targetHints":{"allow":["GET"]}}],"collection":[{"href":"https:\/\/affinity-education.com\/index.php\/wp-json\/wp\/v2\/posts"}],"about":[{"href":"https:\/\/affinity-education.com\/index.php\/wp-json\/wp\/v2\/types\/post"}],"author":[{"embeddable":true,"href":"https:\/\/affinity-education.com\/index.php\/wp-json\/wp\/v2\/users\/1"}],"replies":[{"embeddable":true,"href":"https:\/\/affinity-education.com\/index.php\/wp-json\/wp\/v2\/comments?post=4274"}],"version-history":[{"count":0,"href":"https:\/\/affinity-education.com\/index.php\/wp-json\/wp\/v2\/posts\/4274\/revisions"}],"wp:featuredmedia":[{"embeddable":true,"href":"https:\/\/affinity-education.com\/index.php\/wp-json\/wp\/v2\/media\/4275"}],"wp:attachment":[{"href":"https:\/\/affinity-education.com\/index.php\/wp-json\/wp\/v2\/media?parent=4274"}],"wp:term":[{"taxonomy":"category","embeddable":true,"href":"https:\/\/affinity-education.com\/index.php\/wp-json\/wp\/v2\/categories?post=4274"},{"taxonomy":"post_tag","embeddable":true,"href":"https:\/\/affinity-education.com\/index.php\/wp-json\/wp\/v2\/tags?post=4274"}],"curies":[{"name":"wp","href":"https:\/\/api.w.org\/{rel}","templated":true}]}}