{"id":4227,"date":"2026-07-31T10:02:42","date_gmt":"2026-07-31T10:02:42","guid":{"rendered":"http:\/\/affinity-education.com\/index.php\/2026\/07\/31\/guardian-de-mi-vida-capitulo-53-completo\/"},"modified":"2026-07-31T10:02:42","modified_gmt":"2026-07-31T10:02:42","slug":"guardian-de-mi-vida-capitulo-53-completo","status":"publish","type":"post","link":"https:\/\/affinity-education.com\/index.php\/2026\/07\/31\/guardian-de-mi-vida-capitulo-53-completo\/","title":{"rendered":"Guardi\u00e1n de mi vida Cap\u00edtulo 53 Completo"},"content":{"rendered":"<p> <br \/>\n<\/p>\n<p style=\"text-align: center;\"><span style=\"color: #ff0000; font-family: 'comic sans ms', sans-serif;\"><em><span style=\"font-size: 60px;\">EN PROCESO\u2026<\/span><\/em><\/span><\/p>\n<p><\/p>\n<p class=\"PDq2pG_selectionAnchorContainer\" data-start=\"629\" data-end=\"948\"><strong data-start=\"370\" data-end=\"414\">Guardi\u00e1n de mi vida Cap\u00edtulo 53 Completo<\/strong> contin\u00faa la historia con un episodio lleno de emociones, conflictos familiares y decisiones que marcar\u00e1n el futuro de los protagonistas. En esta entrega, las consecuencias de los acontecimientos recientes comienzan a sentirse con mayor intensidad, mientras nuevos secretos amenazan con salir a la luz y cambiar el rumbo de la novela. Adem\u00e1s, cada personaje deber\u00e1 enfrentar situaciones que pondr\u00e1n a prueba su confianza, su fortaleza y su capacidad para proteger a quienes m\u00e1s quieren. En esta p\u00e1gina encontrar\u00e1s el resumen del cap\u00edtulo, los momentos m\u00e1s importantes y toda la informaci\u00f3n relacionada con este emocionante episodio.<\/p>\n\n","protected":false},"excerpt":{"rendered":"<p>EN PROCESO\u2026 Guardi\u00e1n de mi vida Cap\u00edtulo 53 Completo contin\u00faa la historia con un episodio lleno de emociones, conflictos familiares y decisiones que marcar\u00e1n el futuro de los protagonistas. En esta entrega, las consecuencias de los acontecimientos recientes comienzan a sentirse con mayor intensidad, mientras nuevos secretos amenazan con salir a la luz y cambiar [&hellip;]<\/p>\n","protected":false},"author":1,"featured_media":4228,"comment_status":"open","ping_status":"open","sticky":false,"template":"","format":"standard","meta":{"footnotes":""},"categories":[1],"tags":[],"class_list":["post-4227","post","type-post","status-publish","format-standard","has-post-thumbnail","hentry","category-uncategorized"],"_links":{"self":[{"href":"https:\/\/affinity-education.com\/index.php\/wp-json\/wp\/v2\/posts\/4227","targetHints":{"allow":["GET"]}}],"collection":[{"href":"https:\/\/affinity-education.com\/index.php\/wp-json\/wp\/v2\/posts"}],"about":[{"href":"https:\/\/affinity-education.com\/index.php\/wp-json\/wp\/v2\/types\/post"}],"author":[{"embeddable":true,"href":"https:\/\/affinity-education.com\/index.php\/wp-json\/wp\/v2\/users\/1"}],"replies":[{"embeddable":true,"href":"https:\/\/affinity-education.com\/index.php\/wp-json\/wp\/v2\/comments?post=4227"}],"version-history":[{"count":0,"href":"https:\/\/affinity-education.com\/index.php\/wp-json\/wp\/v2\/posts\/4227\/revisions"}],"wp:featuredmedia":[{"embeddable":true,"href":"https:\/\/affinity-education.com\/index.php\/wp-json\/wp\/v2\/media\/4228"}],"wp:attachment":[{"href":"https:\/\/affinity-education.com\/index.php\/wp-json\/wp\/v2\/media?parent=4227"}],"wp:term":[{"taxonomy":"category","embeddable":true,"href":"https:\/\/affinity-education.com\/index.php\/wp-json\/wp\/v2\/categories?post=4227"},{"taxonomy":"post_tag","embeddable":true,"href":"https:\/\/affinity-education.com\/index.php\/wp-json\/wp\/v2\/tags?post=4227"}],"curies":[{"name":"wp","href":"https:\/\/api.w.org\/{rel}","templated":true}]}}